{"id":19529,"date":"2025-05-24T13:56:47","date_gmt":"2025-05-24T11:56:47","guid":{"rendered":"https:\/\/www.anjou-navigation.fr\/?p=19529"},"modified":"2025-05-24T14:08:04","modified_gmt":"2025-05-24T12:08:04","slug":"mayenne-and-sarthe-river-closing-2025","status":"publish","type":"post","link":"https:\/\/www.anjou-navigation.fr\/en\/2025\/05\/mayenne-and-sarthe-river-closing-2025\/","title":{"rendered":"Mayenne and sarthe river closing 2025"},"content":{"rendered":"\t\t<div data-elementor-type=\"wp-post\" data-elementor-id=\"19529\" class=\"elementor elementor-19529 elementor-19503\">\n\t\t\t\t\t\t\t\t\t<section class=\"elementor-section elementor-top-section elementor-element elementor-element-1c89ac2 elementor-section-boxed elementor-section-height-default elementor-section-height-default\" data-id=\"1c89ac2\" data-element_type=\"section\">\n\t\t\t\t\t\t<div class=\"elementor-container elementor-column-gap-default\">\n\t\t\t\t\t<div class=\"elementor-column elementor-col-100 elementor-top-column elementor-element elementor-element-41d7b8b\" data-id=\"41d7b8b\" data-element_type=\"column\">\n\t\t\t<div class=\"elementor-widget-wrap elementor-element-populated\">\n\t\t\t\t\t\t\t\t<div class=\"elementor-element elementor-element-5fdfb37 elementor-widget elementor-widget-heading\" data-id=\"5fdfb37\" data-element_type=\"widget\" data-widget_type=\"heading.default\">\n\t\t\t\t<div class=\"elementor-widget-container\">\n\t\t\t<style>\/*! elementor - v3.18.0 - 20-12-2023 *\/\n.elementor-heading-title{padding:0;margin:0;line-height:1}.elementor-widget-heading .elementor-heading-title[class*=elementor-size-]>a{color:inherit;font-size:inherit;line-height:inherit}.elementor-widget-heading .elementor-heading-title.elementor-size-small{font-size:15px}.elementor-widget-heading .elementor-heading-title.elementor-size-medium{font-size:19px}.elementor-widget-heading .elementor-heading-title.elementor-size-large{font-size:29px}.elementor-widget-heading .elementor-heading-title.elementor-size-xl{font-size:39px}.elementor-widget-heading .elementor-heading-title.elementor-size-xxl{font-size:59px}<\/style><h1 class=\"elementor-heading-title elementor-size-default\">Mayenne river closing 2025 : what you need to know about the \"\u00e9courues\"<\/h1>\t\t<\/div>\n\t\t\t\t<\/div>\n\t\t\t\t\t<\/div>\n\t\t<\/div>\n\t\t\t\t\t\t\t<\/div>\n\t\t<\/section>\n\t\t\t\t<section class=\"elementor-section elementor-top-section elementor-element elementor-element-56e1862 elementor-section-boxed elementor-section-height-default elementor-section-height-default\" data-id=\"56e1862\" data-element_type=\"section\">\n\t\t\t\t\t\t<div class=\"elementor-container elementor-column-gap-default\">\n\t\t\t\t\t<div class=\"elementor-column elementor-col-100 elementor-top-column elementor-element elementor-element-91b445d\" data-id=\"91b445d\" data-element_type=\"column\">\n\t\t\t<div class=\"elementor-widget-wrap elementor-element-populated\">\n\t\t\t\t\t\t\t\t<div class=\"elementor-element elementor-element-7c91233 elementor-widget elementor-widget-text-editor\" data-id=\"7c91233\" data-element_type=\"widget\" data-widget_type=\"text-editor.default\">\n\t\t\t\t<div class=\"elementor-widget-container\">\n\t\t\t<style>\/*! elementor - v3.18.0 - 20-12-2023 *\/\n.elementor-widget-text-editor.elementor-drop-cap-view-stacked .elementor-drop-cap{background-color:#69727d;color:#fff}.elementor-widget-text-editor.elementor-drop-cap-view-framed .elementor-drop-cap{color:#69727d;border:3px solid;background-color:transparent}.elementor-widget-text-editor:not(.elementor-drop-cap-view-default) .elementor-drop-cap{margin-top:8px}.elementor-widget-text-editor:not(.elementor-drop-cap-view-default) .elementor-drop-cap-letter{width:1em;height:1em}.elementor-widget-text-editor .elementor-drop-cap{float:left;text-align:center;line-height:1;font-size:50px}.elementor-widget-text-editor .elementor-drop-cap-letter{display:inline-block}<\/style>\t\t\t\t<p style=\"text-align: center;\"><em>Why and when is the Mayenne closing due to the &#8220;\u00e9courues&#8221;. Let&#8217;s take a look !<\/em><\/p>\t\t\t\t\t\t<\/div>\n\t\t\t\t<\/div>\n\t\t\t\t\t<\/div>\n\t\t<\/div>\n\t\t\t\t\t\t\t<\/div>\n\t\t<\/section>\n\t\t\t\t<section class=\"elementor-section elementor-top-section elementor-element elementor-element-a5d2cb9 elementor-section-boxed elementor-section-height-default elementor-section-height-default\" data-id=\"a5d2cb9\" data-element_type=\"section\">\n\t\t\t\t\t\t<div class=\"elementor-container elementor-column-gap-default\">\n\t\t\t\t\t<div class=\"elementor-column elementor-col-100 elementor-top-column elementor-element elementor-element-c0924cc\" data-id=\"c0924cc\" data-element_type=\"column\">\n\t\t\t<div class=\"elementor-widget-wrap elementor-element-populated\">\n\t\t\t\t\t\t\t\t<section class=\"elementor-section elementor-inner-section elementor-element elementor-element-7f8c8b7 elementor-section-boxed elementor-section-height-default elementor-section-height-default\" data-id=\"7f8c8b7\" data-element_type=\"section\">\n\t\t\t\t\t\t<div class=\"elementor-container elementor-column-gap-default\">\n\t\t\t\t\t<div class=\"elementor-column elementor-col-50 elementor-inner-column elementor-element elementor-element-6c8d7c2\" data-id=\"6c8d7c2\" data-element_type=\"column\">\n\t\t\t<div class=\"elementor-widget-wrap elementor-element-populated\">\n\t\t\t\t\t\t\t\t<div class=\"elementor-element elementor-element-b3d3087 elementor-widget elementor-widget-image\" data-id=\"b3d3087\" data-element_type=\"widget\" data-widget_type=\"image.default\">\n\t\t\t\t<div class=\"elementor-widget-container\">\n\t\t\t<style>\/*! elementor - v3.18.0 - 20-12-2023 *\/\n.elementor-widget-image{text-align:center}.elementor-widget-image a{display:inline-block}.elementor-widget-image a img[src$=\".svg\"]{width:48px}.elementor-widget-image img{vertical-align:middle;display:inline-block}<\/style>\t\t\t\t\t\t\t\t\t\t\t\t<img fetchpriority=\"high\" decoding=\"async\" width=\"580\" height=\"386\" src=\"https:\/\/www.anjou-navigation.fr\/wp-content\/uploads\/2024\/02\/ecourues-mayenne-2024.jpg\" class=\"attachment-large size-large wp-image-19506\" alt=\"\u00e9courues mayenne 2024\" srcset=\"https:\/\/www.anjou-navigation.fr\/wp-content\/uploads\/2024\/02\/ecourues-mayenne-2024.jpg 800w, https:\/\/www.anjou-navigation.fr\/wp-content\/uploads\/2024\/02\/ecourues-mayenne-2024-300x200.jpg 300w, https:\/\/www.anjou-navigation.fr\/wp-content\/uploads\/2024\/02\/ecourues-mayenne-2024-768x512.jpg 768w\" sizes=\"(max-width: 580px) 100vw, 580px\" \/>\t\t\t\t\t\t\t\t\t\t\t\t\t\t\t<\/div>\n\t\t\t\t<\/div>\n\t\t\t\t\t<\/div>\n\t\t<\/div>\n\t\t\t\t<div class=\"elementor-column elementor-col-50 elementor-inner-column elementor-element elementor-element-9b9bd30\" data-id=\"9b9bd30\" data-element_type=\"column\">\n\t\t\t<div class=\"elementor-widget-wrap elementor-element-populated\">\n\t\t\t\t\t\t\t\t<div class=\"elementor-element elementor-element-0e7f4de elementor-widget elementor-widget-heading\" data-id=\"0e7f4de\" data-element_type=\"widget\" data-widget_type=\"heading.default\">\n\t\t\t\t<div class=\"elementor-widget-container\">\n\t\t\t<h3 class=\"elementor-heading-title elementor-size-default\">\"\u00c9courues\" ? What in a duck's name is that ?<\/h3>\t\t<\/div>\n\t\t\t\t<\/div>\n\t\t\t\t<div class=\"elementor-element elementor-element-346c38e elementor-widget elementor-widget-text-editor\" data-id=\"346c38e\" data-element_type=\"widget\" data-widget_type=\"text-editor.default\">\n\t\t\t\t<div class=\"elementor-widget-container\">\n\t\t\t\t\t\t\t<p>&#8220;\u00c9courues&#8221; is our local lingo for river closing. Rest assured : it doesn&#8217;t mean we will stop working ; on the contrary !<\/p><p>The \u00e9courues are an important part of the life of our rivers. All the dams are opened in order to <strong>set the river back to its natural bed\u00a0<\/strong>(a lot shallower than what we are used to see !).<\/p><p>In the <a href=\"https:\/\/www.west-rivers.com\/\" target=\"_blank\" rel=\"noopener\">Rivers of Western France\u00ae<\/a>, the river closing alternate between the Mayenne and Oudon, the Sarthe, and the Loir.<\/p><p>And, this year, you guessed it : it is the turn for the Sarthe and part of Mayenne river closing.<\/p>\t\t\t\t\t\t<\/div>\n\t\t\t\t<\/div>\n\t\t\t\t<div class=\"elementor-element elementor-element-8dd9805 elementor-widget elementor-widget-text-editor\" data-id=\"8dd9805\" data-element_type=\"widget\" data-widget_type=\"text-editor.default\">\n\t\t\t\t<div class=\"elementor-widget-container\">\n\t\t\t\t\t\t\t\t\t\t\t\t\t<\/div>\n\t\t\t\t<\/div>\n\t\t\t\t\t<\/div>\n\t\t<\/div>\n\t\t\t\t\t\t\t<\/div>\n\t\t<\/section>\n\t\t\t\t\t<\/div>\n\t\t<\/div>\n\t\t\t\t\t\t\t<\/div>\n\t\t<\/section>\n\t\t\t\t<section class=\"elementor-section elementor-top-section elementor-element elementor-element-1cba233 elementor-section-boxed elementor-section-height-default elementor-section-height-default\" data-id=\"1cba233\" data-element_type=\"section\">\n\t\t\t\t\t\t<div class=\"elementor-container elementor-column-gap-default\">\n\t\t\t\t\t<div class=\"elementor-column elementor-col-100 elementor-top-column elementor-element elementor-element-e905fb9\" data-id=\"e905fb9\" data-element_type=\"column\">\n\t\t\t<div class=\"elementor-widget-wrap elementor-element-populated\">\n\t\t\t\t\t\t\t\t<div class=\"elementor-element elementor-element-0c16c68 elementor-widget elementor-widget-heading\" data-id=\"0c16c68\" data-element_type=\"widget\" data-widget_type=\"heading.default\">\n\t\t\t\t<div class=\"elementor-widget-container\">\n\t\t\t<h3 class=\"elementor-heading-title elementor-size-default\">Mayenne and Sarthe river closing in 2025 : what for ?<\/h3>\t\t<\/div>\n\t\t\t\t<\/div>\n\t\t\t\t\t<\/div>\n\t\t<\/div>\n\t\t\t\t\t\t\t<\/div>\n\t\t<\/section>\n\t\t\t\t<section class=\"elementor-section elementor-top-section elementor-element elementor-element-544e212 elementor-section-boxed elementor-section-height-default elementor-section-height-default\" data-id=\"544e212\" data-element_type=\"section\">\n\t\t\t\t\t\t<div class=\"elementor-container elementor-column-gap-default\">\n\t\t\t\t\t<div class=\"elementor-column elementor-col-100 elementor-top-column elementor-element elementor-element-f732a1b\" data-id=\"f732a1b\" data-element_type=\"column\">\n\t\t\t<div class=\"elementor-widget-wrap elementor-element-populated\">\n\t\t\t\t\t\t\t\t<div class=\"elementor-element elementor-element-68020e7 elementor-widget elementor-widget-text-editor\" data-id=\"68020e7\" data-element_type=\"widget\" data-widget_type=\"text-editor.default\">\n\t\t\t\t<div class=\"elementor-widget-container\">\n\t\t\t\t\t\t\t<p>The departments (counties) of Maine et Loire and Sarthe are undertaking these &#8220;\u00e9courues&#8221; for several reasons. Among others :<\/p>\t\t\t\t\t\t<\/div>\n\t\t\t\t<\/div>\n\t\t\t\t\t<\/div>\n\t\t<\/div>\n\t\t\t\t\t\t\t<\/div>\n\t\t<\/section>\n\t\t\t\t<section class=\"elementor-section elementor-top-section elementor-element elementor-element-42f9e72 elementor-section-boxed elementor-section-height-default elementor-section-height-default\" data-id=\"42f9e72\" data-element_type=\"section\">\n\t\t\t\t\t\t<div class=\"elementor-container elementor-column-gap-default\">\n\t\t\t\t\t<div class=\"elementor-column elementor-col-100 elementor-top-column elementor-element elementor-element-98e2454\" data-id=\"98e2454\" data-element_type=\"column\">\n\t\t\t<div class=\"elementor-widget-wrap elementor-element-populated\">\n\t\t\t\t\t\t\t\t<div class=\"elementor-element elementor-element-10c6a77 elementor-align-left elementor-icon-list--layout-traditional elementor-list-item-link-full_width elementor-widget elementor-widget-icon-list\" data-id=\"10c6a77\" data-element_type=\"widget\" data-widget_type=\"icon-list.default\">\n\t\t\t\t<div class=\"elementor-widget-container\">\n\t\t\t<link rel=\"stylesheet\" href=\"https:\/\/www.anjou-navigation.fr\/wp-content\/plugins\/elementor\/assets\/css\/widget-icon-list.min.css\">\t\t<ul class=\"elementor-icon-list-items\">\n\t\t\t\t\t\t\t<li class=\"elementor-icon-list-item\">\n\t\t\t\t\t\t\t\t\t\t\t<span class=\"elementor-icon-list-icon\">\n\t\t\t\t\t\t\t<i aria-hidden=\"true\" class=\"far fa-trash-alt\"><\/i>\t\t\t\t\t\t<\/span>\n\t\t\t\t\t\t\t\t\t\t<span class=\"elementor-icon-list-text\">Cleaning the rivers<\/span>\n\t\t\t\t\t\t\t\t\t<\/li>\n\t\t\t\t\t\t\t\t<li class=\"elementor-icon-list-item\">\n\t\t\t\t\t\t\t\t\t\t\t<span class=\"elementor-icon-list-icon\">\n\t\t\t\t\t\t\t<i aria-hidden=\"true\" class=\"fas fa-ruler\"><\/i>\t\t\t\t\t\t<\/span>\n\t\t\t\t\t\t\t\t\t\t<span class=\"elementor-icon-list-text\">Inspection of underwater structures (bridge pillar, lock door, dam, etc ...)<\/span>\n\t\t\t\t\t\t\t\t\t<\/li>\n\t\t\t\t\t\t\t\t<li class=\"elementor-icon-list-item\">\n\t\t\t\t\t\t\t\t\t\t\t<span class=\"elementor-icon-list-icon\">\n\t\t\t\t\t\t\t<i aria-hidden=\"true\" class=\"fas fa-hammer\"><\/i>\t\t\t\t\t\t<\/span>\n\t\t\t\t\t\t\t\t\t\t<span class=\"elementor-icon-list-text\">Do some repairs that wouldn't be possible when the water level is higher<\/span>\n\t\t\t\t\t\t\t\t\t<\/li>\n\t\t\t\t\t\t<\/ul>\n\t\t\t\t<\/div>\n\t\t\t\t<\/div>\n\t\t\t\t<div class=\"elementor-element elementor-element-773bdff elementor-widget elementor-widget-text-editor\" data-id=\"773bdff\" data-element_type=\"widget\" data-widget_type=\"text-editor.default\">\n\t\t\t\t<div class=\"elementor-widget-container\">\n\t\t\t\t\t\t\t<p>For example : find all the leaks and used seals in locks, hydroelectric dams, etc &#8230;<\/p>\t\t\t\t\t\t<\/div>\n\t\t\t\t<\/div>\n\t\t\t\t<div class=\"elementor-element elementor-element-6c1b142 elementor-widget elementor-widget-spacer\" data-id=\"6c1b142\" data-element_type=\"widget\" data-widget_type=\"spacer.default\">\n\t\t\t\t<div class=\"elementor-widget-container\">\n\t\t\t<style>\/*! elementor - v3.18.0 - 20-12-2023 *\/\n.elementor-column .elementor-spacer-inner{height:var(--spacer-size)}.e-con{--container-widget-width:100%}.e-con-inner>.elementor-widget-spacer,.e-con>.elementor-widget-spacer{width:var(--container-widget-width,var(--spacer-size));--align-self:var(--container-widget-align-self,initial);--flex-shrink:0}.e-con-inner>.elementor-widget-spacer>.elementor-widget-container,.e-con>.elementor-widget-spacer>.elementor-widget-container{height:100%;width:100%}.e-con-inner>.elementor-widget-spacer>.elementor-widget-container>.elementor-spacer,.e-con>.elementor-widget-spacer>.elementor-widget-container>.elementor-spacer{height:100%}.e-con-inner>.elementor-widget-spacer>.elementor-widget-container>.elementor-spacer>.elementor-spacer-inner,.e-con>.elementor-widget-spacer>.elementor-widget-container>.elementor-spacer>.elementor-spacer-inner{height:var(--container-widget-height,var(--spacer-size))}.e-con-inner>.elementor-widget-spacer.elementor-widget-empty,.e-con>.elementor-widget-spacer.elementor-widget-empty{position:relative;min-height:22px;min-width:22px}.e-con-inner>.elementor-widget-spacer.elementor-widget-empty .elementor-widget-empty-icon,.e-con>.elementor-widget-spacer.elementor-widget-empty .elementor-widget-empty-icon{position:absolute;top:0;bottom:0;left:0;right:0;margin:auto;padding:0;width:22px;height:22px}<\/style>\t\t<div class=\"elementor-spacer\">\n\t\t\t<div class=\"elementor-spacer-inner\"><\/div>\n\t\t<\/div>\n\t\t\t\t<\/div>\n\t\t\t\t<\/div>\n\t\t\t\t\t<\/div>\n\t\t<\/div>\n\t\t\t\t\t\t\t<\/div>\n\t\t<\/section>\n\t\t\t\t<section class=\"elementor-section elementor-top-section elementor-element elementor-element-cb7d5e4 elementor-section-boxed elementor-section-height-default elementor-section-height-default\" data-id=\"cb7d5e4\" data-element_type=\"section\">\n\t\t\t\t\t\t<div class=\"elementor-container elementor-column-gap-default\">\n\t\t\t\t\t<div class=\"elementor-column elementor-col-100 elementor-top-column elementor-element elementor-element-d9c22d3\" data-id=\"d9c22d3\" data-element_type=\"column\">\n\t\t\t<div class=\"elementor-widget-wrap elementor-element-populated\">\n\t\t\t\t\t\t\t\t<section class=\"elementor-section elementor-inner-section elementor-element elementor-element-ee28b50 elementor-section-boxed elementor-section-height-default elementor-section-height-default\" data-id=\"ee28b50\" data-element_type=\"section\">\n\t\t\t\t\t\t<div class=\"elementor-container elementor-column-gap-default\">\n\t\t\t\t\t<div class=\"elementor-column elementor-col-50 elementor-inner-column elementor-element elementor-element-e0ce377\" data-id=\"e0ce377\" data-element_type=\"column\">\n\t\t\t<div class=\"elementor-widget-wrap elementor-element-populated\">\n\t\t\t\t\t\t\t\t<div class=\"elementor-element elementor-element-9ddc436 elementor-widget elementor-widget-heading\" data-id=\"9ddc436\" data-element_type=\"widget\" data-widget_type=\"heading.default\">\n\t\t\t\t<div class=\"elementor-widget-container\">\n\t\t\t<h2 class=\"elementor-heading-title elementor-size-default\">When will the closing of the Mayenne river happen in 2025 ?<\/h2>\t\t<\/div>\n\t\t\t\t<\/div>\n\t\t\t\t<div class=\"elementor-element elementor-element-0e4e47e elementor-widget elementor-widget-text-editor\" data-id=\"0e4e47e\" data-element_type=\"widget\" data-widget_type=\"text-editor.default\">\n\t\t\t\t<div class=\"elementor-widget-container\">\n\t\t\t\t\t\t\t<p>The &#8220;\u00e9courues&#8221; will <strong>start in August the 21st<\/strong>\u00a0and will be done in several phases, by area :<\/p>\t\t\t\t\t\t<\/div>\n\t\t\t\t<\/div>\n\t\t\t\t<div class=\"elementor-element elementor-element-fe2f1eb elementor-widget elementor-widget-text-editor\" data-id=\"fe2f1eb\" data-element_type=\"widget\" data-widget_type=\"text-editor.default\">\n\t\t\t\t<div class=\"elementor-widget-container\">\n\t\t\t\t\t\t\t<ul><li>From the 21st of August : from La Roussi\u00e8re to Angers (the south path of the Mayenne below Grez Neuville).<\/li><li>From the 25th of August : from the lock of la Raterie to the lock des Planches on the Sarthe (the city of Le Mans)<\/li><li>From the 15th of September : all of the Sarthe river<\/li><\/ul>\t\t\t\t\t\t<\/div>\n\t\t\t\t<\/div>\n\t\t\t\t<div class=\"elementor-element elementor-element-fbe3256 elementor-widget elementor-widget-text-editor\" data-id=\"fbe3256\" data-element_type=\"widget\" data-widget_type=\"text-editor.default\">\n\t\t\t\t<div class=\"elementor-widget-container\">\n\t\t\t\t\t\t\t<p>The reopening of these areas will start progressively in November. <strong>The end of the whole &#8220;\u00e9courues&#8221; is scheduled for the 21st of November.<\/strong><\/p>\t\t\t\t\t\t<\/div>\n\t\t\t\t<\/div>\n\t\t\t\t\t<\/div>\n\t\t<\/div>\n\t\t\t\t<div class=\"elementor-column elementor-col-50 elementor-inner-column elementor-element elementor-element-e129d03\" data-id=\"e129d03\" data-element_type=\"column\">\n\t\t\t<div class=\"elementor-widget-wrap elementor-element-populated\">\n\t\t\t\t\t\t\t\t<div class=\"elementor-element elementor-element-f5f3737 elementor-widget elementor-widget-image\" data-id=\"f5f3737\" data-element_type=\"widget\" data-widget_type=\"image.default\">\n\t\t\t\t<div class=\"elementor-widget-container\">\n\t\t\t\t\t\t\t\t\t\t\t\t\t\t\t<img decoding=\"async\" width=\"580\" height=\"435\" src=\"https:\/\/www.anjou-navigation.fr\/wp-content\/uploads\/2024\/02\/ecourues-mayenne-2024-1.jpg\" class=\"attachment-large size-large wp-image-19508\" alt=\"\u00e9courues mayenne 2024\" srcset=\"https:\/\/www.anjou-navigation.fr\/wp-content\/uploads\/2024\/02\/ecourues-mayenne-2024-1.jpg 596w, https:\/\/www.anjou-navigation.fr\/wp-content\/uploads\/2024\/02\/ecourues-mayenne-2024-1-300x225.jpg 300w\" sizes=\"(max-width: 580px) 100vw, 580px\" \/>\t\t\t\t\t\t\t\t\t\t\t\t\t\t\t<\/div>\n\t\t\t\t<\/div>\n\t\t\t\t\t<\/div>\n\t\t<\/div>\n\t\t\t\t\t\t\t<\/div>\n\t\t<\/section>\n\t\t\t\t<div class=\"elementor-element elementor-element-89a8e4c elementor-widget elementor-widget-spacer\" data-id=\"89a8e4c\" data-element_type=\"widget\" data-widget_type=\"spacer.default\">\n\t\t\t\t<div class=\"elementor-widget-container\">\n\t\t\t\t\t<div class=\"elementor-spacer\">\n\t\t\t<div class=\"elementor-spacer-inner\"><\/div>\n\t\t<\/div>\n\t\t\t\t<\/div>\n\t\t\t\t<\/div>\n\t\t\t\t<div class=\"elementor-element elementor-element-31a3133 elementor-widget elementor-widget-heading\" data-id=\"31a3133\" data-element_type=\"widget\" data-widget_type=\"heading.default\">\n\t\t\t\t<div class=\"elementor-widget-container\">\n\t\t\t<h3 class=\"elementor-heading-title elementor-size-default\">What about my cruise if the Mayenne or Sarthe river is closing in 2025 ?<\/h3>\t\t<\/div>\n\t\t\t\t<\/div>\n\t\t\t\t\t<\/div>\n\t\t<\/div>\n\t\t\t\t\t\t\t<\/div>\n\t\t<\/section>\n\t\t\t\t<section class=\"elementor-section elementor-top-section elementor-element elementor-element-59b4a96 elementor-section-boxed elementor-section-height-default elementor-section-height-default\" data-id=\"59b4a96\" data-element_type=\"section\">\n\t\t\t\t\t\t<div class=\"elementor-container elementor-column-gap-default\">\n\t\t\t\t\t<div class=\"elementor-column elementor-col-100 elementor-top-column elementor-element elementor-element-14ffb93\" data-id=\"14ffb93\" data-element_type=\"column\">\n\t\t\t<div class=\"elementor-widget-wrap elementor-element-populated\">\n\t\t\t\t\t\t\t\t<div class=\"elementor-element elementor-element-00c6e22 elementor-widget elementor-widget-text-editor\" data-id=\"00c6e22\" data-element_type=\"widget\" data-widget_type=\"text-editor.default\">\n\t\t\t\t<div class=\"elementor-widget-container\">\n\t\t\t\t\t\t\t<p>If you are scheduling (or already scheduled) a cruise in late 2025, here is what you should know :<\/p>\t\t\t\t\t\t<\/div>\n\t\t\t\t<\/div>\n\t\t\t\t\t<\/div>\n\t\t<\/div>\n\t\t\t\t\t\t\t<\/div>\n\t\t<\/section>\n\t\t\t\t<section class=\"elementor-section elementor-top-section elementor-element elementor-element-1ff55fa elementor-section-boxed elementor-section-height-default elementor-section-height-default\" data-id=\"1ff55fa\" data-element_type=\"section\" data-settings=\"{&quot;background_background&quot;:&quot;gradient&quot;}\">\n\t\t\t\t\t\t<div class=\"elementor-container elementor-column-gap-default\">\n\t\t\t\t\t<div class=\"elementor-column elementor-col-100 elementor-top-column elementor-element elementor-element-30f58e3\" data-id=\"30f58e3\" data-element_type=\"column\">\n\t\t\t<div class=\"elementor-widget-wrap elementor-element-populated\">\n\t\t\t\t\t\t\t\t<section class=\"elementor-section elementor-inner-section elementor-element elementor-element-7a86bf6 elementor-section-boxed elementor-section-height-default elementor-section-height-default\" data-id=\"7a86bf6\" data-element_type=\"section\">\n\t\t\t\t\t\t<div class=\"elementor-container elementor-column-gap-default\">\n\t\t\t\t\t<div class=\"elementor-column elementor-col-50 elementor-inner-column elementor-element elementor-element-ba367e7\" data-id=\"ba367e7\" data-element_type=\"column\" data-settings=\"{&quot;background_background&quot;:&quot;classic&quot;}\">\n\t\t\t<div class=\"elementor-widget-wrap elementor-element-populated\">\n\t\t\t\t\t\t\t\t<div class=\"elementor-element elementor-element-73c03c5 elementor-widget elementor-widget-heading\" data-id=\"73c03c5\" data-element_type=\"widget\" data-widget_type=\"heading.default\">\n\t\t\t\t<div class=\"elementor-widget-container\">\n\t\t\t<h4 class=\"elementor-heading-title elementor-size-default\">Departure from Grez Neuville<\/h4>\t\t<\/div>\n\t\t\t\t<\/div>\n\t\t\t\t<div class=\"elementor-element elementor-element-bc3ebfe elementor-widget elementor-widget-text-editor\" data-id=\"bc3ebfe\" data-element_type=\"widget\" data-widget_type=\"text-editor.default\">\n\t\t\t\t<div class=\"elementor-widget-container\">\n\t\t\t\t\t\t\t<p><span style=\"text-decoration: underline;\">Few impact<\/span><\/p><ul><li>The cruise from the 21st of August will not be able to do the little part toward Angers<\/li><li>For <strong>one-way cruises <\/strong>: make sure to reach the destination base the 20th of August at the latest<\/li><\/ul>\t\t\t\t\t\t<\/div>\n\t\t\t\t<\/div>\n\t\t\t\t\t<\/div>\n\t\t<\/div>\n\t\t\t\t<div class=\"elementor-column elementor-col-50 elementor-inner-column elementor-element elementor-element-bbed34a\" data-id=\"bbed34a\" data-element_type=\"column\" data-settings=\"{&quot;background_background&quot;:&quot;classic&quot;}\">\n\t\t\t<div class=\"elementor-widget-wrap elementor-element-populated\">\n\t\t\t\t\t\t\t\t<div class=\"elementor-element elementor-element-f151952 elementor-widget elementor-widget-heading\" data-id=\"f151952\" data-element_type=\"widget\" data-widget_type=\"heading.default\">\n\t\t\t\t<div class=\"elementor-widget-container\">\n\t\t\t<h4 class=\"elementor-heading-title elementor-size-default\">Departure from Sabl\u00e9 Sur Sarthe<\/h4>\t\t<\/div>\n\t\t\t\t<\/div>\n\t\t\t\t<div class=\"elementor-element elementor-element-4faa7e8 elementor-widget elementor-widget-text-editor\" data-id=\"4faa7e8\" data-element_type=\"widget\" data-widget_type=\"text-editor.default\">\n\t\t\t\t<div class=\"elementor-widget-container\">\n\t\t\t\t\t\t\t<ul><li style=\"text-align: left;\">The cruise of <strong>one week or more from the 25th of August<\/strong> will not be able to get past the lock of La Raterie in Le Mans<\/li><li>For\u00a0<strong>one-way cruises\u00a0<\/strong>: make sure to reach the destination base the 20th of August at the latest<\/li><li>The <strong>last cruise on the Sarthe<\/strong> river should end on the 14th of September at the latest<\/li><\/ul>\t\t\t\t\t\t<\/div>\n\t\t\t\t<\/div>\n\t\t\t\t\t<\/div>\n\t\t<\/div>\n\t\t\t\t\t\t\t<\/div>\n\t\t<\/section>\n\t\t\t\t\t<\/div>\n\t\t<\/div>\n\t\t\t\t\t\t\t<\/div>\n\t\t<\/section>\n\t\t\t\t<section class=\"elementor-section elementor-top-section elementor-element elementor-element-07bd56e elementor-section-boxed elementor-section-height-default elementor-section-height-default\" data-id=\"07bd56e\" data-element_type=\"section\">\n\t\t\t\t\t\t<div class=\"elementor-container elementor-column-gap-default\">\n\t\t\t\t\t<div class=\"elementor-column elementor-col-100 elementor-top-column elementor-element elementor-element-ebceb0a\" data-id=\"ebceb0a\" data-element_type=\"column\">\n\t\t\t<div class=\"elementor-widget-wrap elementor-element-populated\">\n\t\t\t\t\t\t\t\t<section class=\"elementor-section elementor-inner-section elementor-element elementor-element-057c6f0 elementor-section-boxed elementor-section-height-default elementor-section-height-default\" data-id=\"057c6f0\" data-element_type=\"section\">\n\t\t\t\t\t\t<div class=\"elementor-container elementor-column-gap-default\">\n\t\t\t\t\t<div class=\"elementor-column elementor-col-50 elementor-inner-column elementor-element elementor-element-8848d1c\" data-id=\"8848d1c\" data-element_type=\"column\">\n\t\t\t<div class=\"elementor-widget-wrap elementor-element-populated\">\n\t\t\t\t\t\t\t\t<div class=\"elementor-element elementor-element-0c617f0 elementor-widget elementor-widget-image\" data-id=\"0c617f0\" data-element_type=\"widget\" data-widget_type=\"image.default\">\n\t\t\t\t<div class=\"elementor-widget-container\">\n\t\t\t\t\t\t\t\t\t\t\t\t\t\t\t<img decoding=\"async\" width=\"580\" height=\"619\" src=\"https:\/\/www.anjou-navigation.fr\/wp-content\/uploads\/2024\/02\/ecourues-2025-sarthe-mayenne-960x1024.jpg\" class=\"attachment-large size-large wp-image-22074\" alt=\"\u00e9courues 2025 sarthe mayenne\" srcset=\"https:\/\/www.anjou-navigation.fr\/wp-content\/uploads\/2024\/02\/ecourues-2025-sarthe-mayenne-960x1024.jpg 960w, https:\/\/www.anjou-navigation.fr\/wp-content\/uploads\/2024\/02\/ecourues-2025-sarthe-mayenne-281x300.jpg 281w, https:\/\/www.anjou-navigation.fr\/wp-content\/uploads\/2024\/02\/ecourues-2025-sarthe-mayenne-768x819.jpg 768w, https:\/\/www.anjou-navigation.fr\/wp-content\/uploads\/2024\/02\/ecourues-2025-sarthe-mayenne.jpg 1000w\" sizes=\"(max-width: 580px) 100vw, 580px\" \/>\t\t\t\t\t\t\t\t\t\t\t\t\t\t\t<\/div>\n\t\t\t\t<\/div>\n\t\t\t\t\t<\/div>\n\t\t<\/div>\n\t\t\t\t<div class=\"elementor-column elementor-col-50 elementor-inner-column elementor-element elementor-element-98eb8c8\" data-id=\"98eb8c8\" data-element_type=\"column\">\n\t\t\t<div class=\"elementor-widget-wrap elementor-element-populated\">\n\t\t\t\t\t\t\t\t<div class=\"elementor-element elementor-element-66edfe6 elementor-widget elementor-widget-heading\" data-id=\"66edfe6\" data-element_type=\"widget\" data-widget_type=\"heading.default\">\n\t\t\t\t<div class=\"elementor-widget-container\">\n\t\t\t<h3 class=\"elementor-heading-title elementor-size-default\">Any question ?<\/h3>\t\t<\/div>\n\t\t\t\t<\/div>\n\t\t\t\t<div class=\"elementor-element elementor-element-ef47ff3 elementor-widget elementor-widget-text-editor\" data-id=\"ef47ff3\" data-element_type=\"widget\" data-widget_type=\"text-editor.default\">\n\t\t\t\t<div class=\"elementor-widget-container\">\n\t\t\t\t\t\t\t<p>Anjou Navigtion&#8217;s staff has seen many &#8220;\u00e9courues&#8221; : we will help you through the logistics of your cruise if you have any doubt !<\/p>\t\t\t\t\t\t<\/div>\n\t\t\t\t<\/div>\n\t\t\t\t<div class=\"elementor-element elementor-element-5d4ac1d elementor-widget elementor-widget-spacer\" data-id=\"5d4ac1d\" data-element_type=\"widget\" data-widget_type=\"spacer.default\">\n\t\t\t\t<div class=\"elementor-widget-container\">\n\t\t\t\t\t<div class=\"elementor-spacer\">\n\t\t\t<div class=\"elementor-spacer-inner\"><\/div>\n\t\t<\/div>\n\t\t\t\t<\/div>\n\t\t\t\t<\/div>\n\t\t\t\t<div class=\"elementor-element elementor-element-cec53f7 elementor-align-center e-transform elementor-widget elementor-widget-button\" data-id=\"cec53f7\" data-element_type=\"widget\" data-settings=\"{&quot;_transform_translateX_effect_hover&quot;:{&quot;unit&quot;:&quot;px&quot;,&quot;size&quot;:4,&quot;sizes&quot;:[]},&quot;_transform_translateY_effect_hover&quot;:{&quot;unit&quot;:&quot;px&quot;,&quot;size&quot;:4,&quot;sizes&quot;:[]},&quot;_transform_translateX_effect_hover_tablet&quot;:{&quot;unit&quot;:&quot;px&quot;,&quot;size&quot;:&quot;&quot;,&quot;sizes&quot;:[]},&quot;_transform_translateX_effect_hover_mobile&quot;:{&quot;unit&quot;:&quot;px&quot;,&quot;size&quot;:&quot;&quot;,&quot;sizes&quot;:[]},&quot;_transform_translateY_effect_hover_tablet&quot;:{&quot;unit&quot;:&quot;px&quot;,&quot;size&quot;:&quot;&quot;,&quot;sizes&quot;:[]},&quot;_transform_translateY_effect_hover_mobile&quot;:{&quot;unit&quot;:&quot;px&quot;,&quot;size&quot;:&quot;&quot;,&quot;sizes&quot;:[]}}\" data-widget_type=\"button.default\">\n\t\t\t\t<div class=\"elementor-widget-container\">\n\t\t\t\t\t<div class=\"elementor-button-wrapper\">\n\t\t\t<a class=\"elementor-button elementor-button-link elementor-size-lg\" href=\"https:\/\/www.anjou-navigation.fr\/en\/contact\/\">\n\t\t\t\t\t\t<span class=\"elementor-button-content-wrapper\">\n\t\t\t\t\t\t<span class=\"elementor-button-icon elementor-align-icon-left\">\n\t\t\t\t<i aria-hidden=\"true\" class=\"fas fa-mail-bulk\"><\/i>\t\t\t<\/span>\n\t\t\t\t\t\t<span class=\"elementor-button-text\">Reach us<\/span>\n\t\t<\/span>\n\t\t\t\t\t<\/a>\n\t\t<\/div>\n\t\t\t\t<\/div>\n\t\t\t\t<\/div>\n\t\t\t\t\t<\/div>\n\t\t<\/div>\n\t\t\t\t\t\t\t<\/div>\n\t\t<\/section>\n\t\t\t\t\t<\/div>\n\t\t<\/div>\n\t\t\t\t\t\t\t<\/div>\n\t\t<\/section>\n\t\t\t\t\t\t\t<\/div>\n\t\t","protected":false},"excerpt":{"rendered":"<p>Mayenne river closing 2025 : what you need to know about the &#8220;\u00e9courues&#8221; Why and when is the Mayenne closing due to the &#8220;\u00e9courues&#8221;. Let&#8217;s take a look ! &#8220;\u00c9courues&#8221; ? What in a duck&#8217;s name is that ? &#8220;\u00c9courues&#8221; is our local lingo for river closing. Rest assured : it doesn&#8217;t mean we will [&hellip;]<\/p>\n","protected":false},"author":2,"featured_media":19506,"comment_status":"closed","ping_status":"closed","sticky":false,"template":"elementor_header_footer","format":"standard","meta":{"_acf_changed":false,"om_disable_all_campaigns":false,"_monsterinsights_skip_tracking":false,"_monsterinsights_sitenote_active":false,"_monsterinsights_sitenote_note":"","_monsterinsights_sitenote_category":0,"_uf_show_specific_survey":0,"_uf_disable_surveys":false,"footnotes":""},"categories":[1,11],"tags":[],"class_list":["post-19529","post","type-post","status-publish","format-standard","has-post-thumbnail","hentry","category-actus-archive","category-blog"],"acf":[],"aioseo_notices":[],"yoast_head":"<!-- This site is optimized with the Yoast SEO plugin v26.7 - https:\/\/yoast.com\/wordpress\/plugins\/seo\/ -->\n<title>Mayenne \/ Sarthe river closing in 2025 : what you need to know !<\/title>\n<meta name=\"description\" content=\"Why and when is the Mayenne and Sarthe river closing in 2025 ? Learn about the &quot;\u00e9courues&quot; and what it means for your cruise in late 2024.\" \/>\n<meta name=\"robots\" content=\"index, follow, max-snippet:-1, max-image-preview:large, max-video-preview:-1\" \/>\n<link rel=\"canonical\" href=\"https:\/\/www.anjou-navigation.fr\/en\/2025\/05\/mayenne-and-sarthe-river-closing-2025\/\" \/>\n<meta property=\"og:locale\" content=\"en_US\" \/>\n<meta property=\"og:type\" content=\"article\" \/>\n<meta property=\"og:title\" content=\"Mayenne \/ Sarthe river closing in 2025 : what you need to know !\" \/>\n<meta property=\"og:description\" content=\"Why and when is the Mayenne and Sarthe river closing in 2025 ? Learn about the &quot;\u00e9courues&quot; and what it means for your cruise in late 2024.\" \/>\n<meta property=\"og:url\" content=\"https:\/\/www.anjou-navigation.fr\/en\/2025\/05\/mayenne-and-sarthe-river-closing-2025\/\" \/>\n<meta property=\"og:site_name\" content=\"Anjou Navigation\" \/>\n<meta property=\"article:published_time\" content=\"2025-05-24T11:56:47+00:00\" \/>\n<meta property=\"article:modified_time\" content=\"2025-05-24T12:08:04+00:00\" \/>\n<meta property=\"og:image\" content=\"https:\/\/www.anjou-navigation.fr\/wp-content\/uploads\/2024\/02\/ecourues-mayenne-2024.jpg\" \/>\n\t<meta property=\"og:image:width\" content=\"800\" \/>\n\t<meta property=\"og:image:height\" content=\"533\" \/>\n\t<meta property=\"og:image:type\" content=\"image\/jpeg\" \/>\n<meta name=\"author\" content=\"anjou navigation\" \/>\n<meta name=\"twitter:label1\" content=\"Written by\" \/>\n\t<meta name=\"twitter:data1\" content=\"anjou navigation\" \/>\n\t<meta name=\"twitter:label2\" content=\"Est. reading time\" \/>\n\t<meta name=\"twitter:data2\" content=\"3 minutes\" \/>\n<script type=\"application\/ld+json\" class=\"yoast-schema-graph\">{\"@context\":\"https:\/\/schema.org\",\"@graph\":[{\"@type\":\"Article\",\"@id\":\"https:\/\/www.anjou-navigation.fr\/en\/2025\/05\/mayenne-and-sarthe-river-closing-2025\/#article\",\"isPartOf\":{\"@id\":\"https:\/\/www.anjou-navigation.fr\/en\/2025\/05\/mayenne-and-sarthe-river-closing-2025\/\"},\"author\":{\"name\":\"anjou navigation\",\"@id\":\"https:\/\/www.anjou-navigation.fr\/#\/schema\/person\/cc798c0ff39fed79a4c64cc42b807020\"},\"headline\":\"Mayenne and sarthe river closing 2025\",\"datePublished\":\"2025-05-24T11:56:47+00:00\",\"dateModified\":\"2025-05-24T12:08:04+00:00\",\"mainEntityOfPage\":{\"@id\":\"https:\/\/www.anjou-navigation.fr\/en\/2025\/05\/mayenne-and-sarthe-river-closing-2025\/\"},\"wordCount\":474,\"publisher\":{\"@id\":\"https:\/\/www.anjou-navigation.fr\/#organization\"},\"image\":{\"@id\":\"https:\/\/www.anjou-navigation.fr\/en\/2025\/05\/mayenne-and-sarthe-river-closing-2025\/#primaryimage\"},\"thumbnailUrl\":\"https:\/\/www.anjou-navigation.fr\/wp-content\/uploads\/2024\/02\/ecourues-mayenne-2024.jpg\",\"articleSection\":[\"Actualit\u00e9s\",\"Blog\"],\"inLanguage\":\"en-US\"},{\"@type\":\"WebPage\",\"@id\":\"https:\/\/www.anjou-navigation.fr\/en\/2025\/05\/mayenne-and-sarthe-river-closing-2025\/\",\"url\":\"https:\/\/www.anjou-navigation.fr\/en\/2025\/05\/mayenne-and-sarthe-river-closing-2025\/\",\"name\":\"Mayenne \/ Sarthe river closing in 2025 : what you need to know !\",\"isPartOf\":{\"@id\":\"https:\/\/www.anjou-navigation.fr\/#website\"},\"primaryImageOfPage\":{\"@id\":\"https:\/\/www.anjou-navigation.fr\/en\/2025\/05\/mayenne-and-sarthe-river-closing-2025\/#primaryimage\"},\"image\":{\"@id\":\"https:\/\/www.anjou-navigation.fr\/en\/2025\/05\/mayenne-and-sarthe-river-closing-2025\/#primaryimage\"},\"thumbnailUrl\":\"https:\/\/www.anjou-navigation.fr\/wp-content\/uploads\/2024\/02\/ecourues-mayenne-2024.jpg\",\"datePublished\":\"2025-05-24T11:56:47+00:00\",\"dateModified\":\"2025-05-24T12:08:04+00:00\",\"description\":\"Why and when is the Mayenne and Sarthe river closing in 2025 ? Learn about the \\\"\u00e9courues\\\" and what it means for your cruise in late 2024.\",\"inLanguage\":\"en-US\",\"potentialAction\":[{\"@type\":\"ReadAction\",\"target\":[\"https:\/\/www.anjou-navigation.fr\/en\/2025\/05\/mayenne-and-sarthe-river-closing-2025\/\"]}]},{\"@type\":\"ImageObject\",\"inLanguage\":\"en-US\",\"@id\":\"https:\/\/www.anjou-navigation.fr\/en\/2025\/05\/mayenne-and-sarthe-river-closing-2025\/#primaryimage\",\"url\":\"https:\/\/www.anjou-navigation.fr\/wp-content\/uploads\/2024\/02\/ecourues-mayenne-2024.jpg\",\"contentUrl\":\"https:\/\/www.anjou-navigation.fr\/wp-content\/uploads\/2024\/02\/ecourues-mayenne-2024.jpg\",\"width\":800,\"height\":533,\"caption\":\"\u00e9courues mayenne 2024\"},{\"@type\":\"WebSite\",\"@id\":\"https:\/\/www.anjou-navigation.fr\/#website\",\"url\":\"https:\/\/www.anjou-navigation.fr\/\",\"name\":\"Anjou Navigation\",\"description\":\"Self-drive boats hire\",\"publisher\":{\"@id\":\"https:\/\/www.anjou-navigation.fr\/#organization\"},\"potentialAction\":[{\"@type\":\"SearchAction\",\"target\":{\"@type\":\"EntryPoint\",\"urlTemplate\":\"https:\/\/www.anjou-navigation.fr\/?s={search_term_string}\"},\"query-input\":{\"@type\":\"PropertyValueSpecification\",\"valueRequired\":true,\"valueName\":\"search_term_string\"}}],\"inLanguage\":\"en-US\"},{\"@type\":\"Organization\",\"@id\":\"https:\/\/www.anjou-navigation.fr\/#organization\",\"name\":\"Anjou Navigation\",\"url\":\"https:\/\/www.anjou-navigation.fr\/\",\"logo\":{\"@type\":\"ImageObject\",\"inLanguage\":\"en-US\",\"@id\":\"https:\/\/www.anjou-navigation.fr\/#\/schema\/logo\/image\/\",\"url\":\"https:\/\/www.anjou-navigation.fr\/wp-content\/uploads\/2023\/02\/anjou-nav-longeur-blanc.png\",\"contentUrl\":\"https:\/\/www.anjou-navigation.fr\/wp-content\/uploads\/2023\/02\/anjou-nav-longeur-blanc.png\",\"width\":2100,\"height\":2099,\"caption\":\"Anjou Navigation\"},\"image\":{\"@id\":\"https:\/\/www.anjou-navigation.fr\/#\/schema\/logo\/image\/\"}},{\"@type\":\"Person\",\"@id\":\"https:\/\/www.anjou-navigation.fr\/#\/schema\/person\/cc798c0ff39fed79a4c64cc42b807020\",\"name\":\"anjou navigation\",\"image\":{\"@type\":\"ImageObject\",\"inLanguage\":\"en-US\",\"@id\":\"https:\/\/www.anjou-navigation.fr\/#\/schema\/person\/image\/\",\"url\":\"https:\/\/secure.gravatar.com\/avatar\/3f6a301c804e37abf5afae1474587fd6d9b404591cfa4b9536d7226c10ec6e81?s=96&d=mm&r=g\",\"contentUrl\":\"https:\/\/secure.gravatar.com\/avatar\/3f6a301c804e37abf5afae1474587fd6d9b404591cfa4b9536d7226c10ec6e81?s=96&d=mm&r=g\",\"caption\":\"anjou navigation\"},\"url\":\"https:\/\/www.anjou-navigation.fr\/en\/\"}]}<\/script>\n<!-- \/ Yoast SEO plugin. -->","yoast_head_json":{"title":"Mayenne \/ Sarthe river closing in 2025 : what you need to know !","description":"Why and when is the Mayenne and Sarthe river closing in 2025 ? Learn about the \"\u00e9courues\" and what it means for your cruise in late 2024.","robots":{"index":"index","follow":"follow","max-snippet":"max-snippet:-1","max-image-preview":"max-image-preview:large","max-video-preview":"max-video-preview:-1"},"canonical":"https:\/\/www.anjou-navigation.fr\/en\/2025\/05\/mayenne-and-sarthe-river-closing-2025\/","og_locale":"en_US","og_type":"article","og_title":"Mayenne \/ Sarthe river closing in 2025 : what you need to know !","og_description":"Why and when is the Mayenne and Sarthe river closing in 2025 ? Learn about the \"\u00e9courues\" and what it means for your cruise in late 2024.","og_url":"https:\/\/www.anjou-navigation.fr\/en\/2025\/05\/mayenne-and-sarthe-river-closing-2025\/","og_site_name":"Anjou Navigation","article_published_time":"2025-05-24T11:56:47+00:00","article_modified_time":"2025-05-24T12:08:04+00:00","og_image":[{"width":800,"height":533,"url":"https:\/\/www.anjou-navigation.fr\/wp-content\/uploads\/2024\/02\/ecourues-mayenne-2024.jpg","type":"image\/jpeg"}],"author":"anjou navigation","twitter_misc":{"Written by":"anjou navigation","Est. reading time":"3 minutes"},"schema":{"@context":"https:\/\/schema.org","@graph":[{"@type":"Article","@id":"https:\/\/www.anjou-navigation.fr\/en\/2025\/05\/mayenne-and-sarthe-river-closing-2025\/#article","isPartOf":{"@id":"https:\/\/www.anjou-navigation.fr\/en\/2025\/05\/mayenne-and-sarthe-river-closing-2025\/"},"author":{"name":"anjou navigation","@id":"https:\/\/www.anjou-navigation.fr\/#\/schema\/person\/cc798c0ff39fed79a4c64cc42b807020"},"headline":"Mayenne and sarthe river closing 2025","datePublished":"2025-05-24T11:56:47+00:00","dateModified":"2025-05-24T12:08:04+00:00","mainEntityOfPage":{"@id":"https:\/\/www.anjou-navigation.fr\/en\/2025\/05\/mayenne-and-sarthe-river-closing-2025\/"},"wordCount":474,"publisher":{"@id":"https:\/\/www.anjou-navigation.fr\/#organization"},"image":{"@id":"https:\/\/www.anjou-navigation.fr\/en\/2025\/05\/mayenne-and-sarthe-river-closing-2025\/#primaryimage"},"thumbnailUrl":"https:\/\/www.anjou-navigation.fr\/wp-content\/uploads\/2024\/02\/ecourues-mayenne-2024.jpg","articleSection":["Actualit\u00e9s","Blog"],"inLanguage":"en-US"},{"@type":"WebPage","@id":"https:\/\/www.anjou-navigation.fr\/en\/2025\/05\/mayenne-and-sarthe-river-closing-2025\/","url":"https:\/\/www.anjou-navigation.fr\/en\/2025\/05\/mayenne-and-sarthe-river-closing-2025\/","name":"Mayenne \/ Sarthe river closing in 2025 : what you need to know !","isPartOf":{"@id":"https:\/\/www.anjou-navigation.fr\/#website"},"primaryImageOfPage":{"@id":"https:\/\/www.anjou-navigation.fr\/en\/2025\/05\/mayenne-and-sarthe-river-closing-2025\/#primaryimage"},"image":{"@id":"https:\/\/www.anjou-navigation.fr\/en\/2025\/05\/mayenne-and-sarthe-river-closing-2025\/#primaryimage"},"thumbnailUrl":"https:\/\/www.anjou-navigation.fr\/wp-content\/uploads\/2024\/02\/ecourues-mayenne-2024.jpg","datePublished":"2025-05-24T11:56:47+00:00","dateModified":"2025-05-24T12:08:04+00:00","description":"Why and when is the Mayenne and Sarthe river closing in 2025 ? Learn about the \"\u00e9courues\" and what it means for your cruise in late 2024.","inLanguage":"en-US","potentialAction":[{"@type":"ReadAction","target":["https:\/\/www.anjou-navigation.fr\/en\/2025\/05\/mayenne-and-sarthe-river-closing-2025\/"]}]},{"@type":"ImageObject","inLanguage":"en-US","@id":"https:\/\/www.anjou-navigation.fr\/en\/2025\/05\/mayenne-and-sarthe-river-closing-2025\/#primaryimage","url":"https:\/\/www.anjou-navigation.fr\/wp-content\/uploads\/2024\/02\/ecourues-mayenne-2024.jpg","contentUrl":"https:\/\/www.anjou-navigation.fr\/wp-content\/uploads\/2024\/02\/ecourues-mayenne-2024.jpg","width":800,"height":533,"caption":"\u00e9courues mayenne 2024"},{"@type":"WebSite","@id":"https:\/\/www.anjou-navigation.fr\/#website","url":"https:\/\/www.anjou-navigation.fr\/","name":"Anjou Navigation","description":"Self-drive boats hire","publisher":{"@id":"https:\/\/www.anjou-navigation.fr\/#organization"},"potentialAction":[{"@type":"SearchAction","target":{"@type":"EntryPoint","urlTemplate":"https:\/\/www.anjou-navigation.fr\/?s={search_term_string}"},"query-input":{"@type":"PropertyValueSpecification","valueRequired":true,"valueName":"search_term_string"}}],"inLanguage":"en-US"},{"@type":"Organization","@id":"https:\/\/www.anjou-navigation.fr\/#organization","name":"Anjou Navigation","url":"https:\/\/www.anjou-navigation.fr\/","logo":{"@type":"ImageObject","inLanguage":"en-US","@id":"https:\/\/www.anjou-navigation.fr\/#\/schema\/logo\/image\/","url":"https:\/\/www.anjou-navigation.fr\/wp-content\/uploads\/2023\/02\/anjou-nav-longeur-blanc.png","contentUrl":"https:\/\/www.anjou-navigation.fr\/wp-content\/uploads\/2023\/02\/anjou-nav-longeur-blanc.png","width":2100,"height":2099,"caption":"Anjou Navigation"},"image":{"@id":"https:\/\/www.anjou-navigation.fr\/#\/schema\/logo\/image\/"}},{"@type":"Person","@id":"https:\/\/www.anjou-navigation.fr\/#\/schema\/person\/cc798c0ff39fed79a4c64cc42b807020","name":"anjou navigation","image":{"@type":"ImageObject","inLanguage":"en-US","@id":"https:\/\/www.anjou-navigation.fr\/#\/schema\/person\/image\/","url":"https:\/\/secure.gravatar.com\/avatar\/3f6a301c804e37abf5afae1474587fd6d9b404591cfa4b9536d7226c10ec6e81?s=96&d=mm&r=g","contentUrl":"https:\/\/secure.gravatar.com\/avatar\/3f6a301c804e37abf5afae1474587fd6d9b404591cfa4b9536d7226c10ec6e81?s=96&d=mm&r=g","caption":"anjou navigation"},"url":"https:\/\/www.anjou-navigation.fr\/en\/"}]}},"_links":{"self":[{"href":"https:\/\/www.anjou-navigation.fr\/en\/wp-json\/wp\/v2\/posts\/19529","targetHints":{"allow":["GET"]}}],"collection":[{"href":"https:\/\/www.anjou-navigation.fr\/en\/wp-json\/wp\/v2\/posts"}],"about":[{"href":"https:\/\/www.anjou-navigation.fr\/en\/wp-json\/wp\/v2\/types\/post"}],"author":[{"embeddable":true,"href":"https:\/\/www.anjou-navigation.fr\/en\/wp-json\/wp\/v2\/users\/2"}],"replies":[{"embeddable":true,"href":"https:\/\/www.anjou-navigation.fr\/en\/wp-json\/wp\/v2\/comments?post=19529"}],"version-history":[{"count":21,"href":"https:\/\/www.anjou-navigation.fr\/en\/wp-json\/wp\/v2\/posts\/19529\/revisions"}],"predecessor-version":[{"id":22135,"href":"https:\/\/www.anjou-navigation.fr\/en\/wp-json\/wp\/v2\/posts\/19529\/revisions\/22135"}],"wp:featuredmedia":[{"embeddable":true,"href":"https:\/\/www.anjou-navigation.fr\/en\/wp-json\/wp\/v2\/media\/19506"}],"wp:attachment":[{"href":"https:\/\/www.anjou-navigation.fr\/en\/wp-json\/wp\/v2\/media?parent=19529"}],"wp:term":[{"taxonomy":"category","embeddable":true,"href":"https:\/\/www.anjou-navigation.fr\/en\/wp-json\/wp\/v2\/categories?post=19529"},{"taxonomy":"post_tag","embeddable":true,"href":"https:\/\/www.anjou-navigation.fr\/en\/wp-json\/wp\/v2\/tags?post=19529"}],"curies":[{"name":"wp","href":"https:\/\/api.w.org\/{rel}","templated":true}]}}